{"id":4217,"date":"2025-03-25T08:34:00","date_gmt":"2025-03-25T07:34:00","guid":{"rendered":"https:\/\/alkion.eu\/?p=4217"},"modified":"2025-06-30T08:41:02","modified_gmt":"2025-06-30T07:41:02","slug":"tesna-vzduchotechnika-jako-funkcni-soucast-pasivniho-domu","status":"publish","type":"post","link":"https:\/\/alkion.eu\/cs\/tesna-vzduchotechnika-jako-funkcni-soucast-pasivniho-domu\/","title":{"rendered":"T\u011bsn\u00e1 vzduchotechnika jako funk\u010dn\u00ed sou\u010d\u00e1st pasivn\u00edho domu"},"content":{"rendered":"\n<p>Sly\u0161eli jste n\u011bkdy o&nbsp;pojmu \u201e\u00fa\u010dinn\u00e1 vzduchotechnika\u201c? V&nbsp;tomto \u010dl\u00e1nku si jej podrobn\u011bji p\u0159ibl\u00ed\u017e\u00edme, a&nbsp;to jako funk\u010dn\u00ed sou\u010d\u00e1st pasivn\u00edho domu. Netu\u0161\u00edte v\u0161ak, co si pod slovn\u00edm spojen\u00edm \u201epasivn\u00ed d\u016fm\u201c p\u0159edstavit? I&nbsp;to je v&nbsp;dne\u0161n\u00ed dob\u011b \u010d\u00edm d\u00e1l v\u00edce vyhled\u00e1van\u00fd pojem, nebo\u0165 po\u017eadavky na \u00fasporu energie za doprovodu eliminace uhl\u00edkov\u00e9 stopy v&nbsp;maxim\u00e1ln\u00ed mo\u017en\u00e9 m\u00ed\u0159e jsou d\u016fle\u017eit\u00e9 nejen pro okol\u00ed, ve kter\u00e9m \u017eijete, ale i&nbsp;pro Va\u0161i pen\u011b\u017eenku. S&nbsp;budovami je to jednodu\u0161e podobn\u00e9 jako t\u0159eba s&nbsp;osobn\u00edmi automobily: \u0161etrn\u011bj\u0161\u00ed a&nbsp;efektivn\u011bj\u0161\u00ed provoz je z&nbsp;hlediska udr\u017eitelnosti na\u0161\u00ed planety a&nbsp;minimalizace n\u00e1klad\u016f za energie jasn\u00fdm d\u016fvodem, pro\u010d tuto my\u0161lenku uchopit a&nbsp;d\u00e1le s&nbsp;n\u00ed seznamovat \u0161ir\u0161\u00ed ve\u0159ejnost. Poj\u010fme se nyn\u00ed spole\u010dn\u011b pono\u0159it do sv\u011bta vzduchotechniky, jej\u00ed\u017e \u00fa\u010dinnost hraje z\u00e1sadn\u00ed roli \u2013 p\u0159ejeme V\u00e1m p\u0159\u00edjemn\u00e9 \u010dten\u00ed!<\/p>\n\n\n\n<p>P\u0159edstavte si, \u017ee jste vlastn\u00edkem nemovitosti, jej\u00ed\u017e vzduchotechnick\u00e9 komponenty nech\u00e1v\u00e1te pravideln\u011b servisovat a&nbsp;p\u0159\u00edvodn\u00ed i&nbsp;odtahov\u00e9 potrub\u00ed pravideln\u011b \u010dist\u00edte prost\u0159ednictv\u00edm profesion\u00e1l\u016f. Z&nbsp;hlediska hygienick\u00e9ho i&nbsp;protipo\u017e\u00e1rn\u00edho opat\u0159en\u00ed jste ud\u011blali v\u0161e spr\u00e1vn\u011b, ale p\u0159i&nbsp;pohledu na Va\u0161e m\u011bs\u00ed\u010dn\u00ed vy\u00fa\u010dtov\u00e1n\u00ed V\u00e1m v&nbsp;hlav\u011b \u010d\u00edm d\u00e1l siln\u011bji za\u010d\u00edn\u00e1 zn\u00edt hlas, kter\u00fd \u0159\u00edk\u00e1, \u017ee to st\u00e1le nen\u00ed dost. P\u0159esn\u011b to je doba, kdy na sc\u00e9nu p\u0159ich\u00e1z\u00ed t\u011bsnost vzduchotechniky. T\u011bsnost VZT je dlouhodob\u011b faktor, kter\u00fd je obt\u00ed\u017en\u00e9 dodr\u017eet p\u0159i&nbsp;realizac\u00edch. Na trhu se ale objevuj\u00ed technologie, kter\u00e9 dok\u00e1\u017e\u00ed garantovat t\u0159\u00eddy t\u011bsnosti VZT potrub\u00ed, a&nbsp;to a\u017e na kategorii ATC2 (D) jak u&nbsp;novostaveb, tak u&nbsp;ji\u017e existuj\u00edc\u00edch budov. Vy\u0161\u0161\u00ed t\u011bsnost potrub\u00ed se m\u016f\u017ee projevit na \u00faspor\u00e1ch p\u0159i&nbsp;provozu ventil\u00e1tor\u016f a\u017e o&nbsp;40 %, co\u017e m\u00e1 dopady i&nbsp;na projektov\u00e1n\u00ed a&nbsp;realizaci novostaveb.<\/p>\n\n\n\n<figure class=\"wp-block-image aligncenter size-full is-resized\"><img loading=\"lazy\" decoding=\"async\" width=\"934\" height=\"802\" src=\"https:\/\/alkion.eu\/wp-content\/uploads\/2025\/06\/tabulka-trid-tesnosti.png\" alt=\"Tabulka t\u0159\u00edd t\u011bsnosti VZT potrub\u00ed\" class=\"wp-image-4218\" style=\"width:589px;height:auto\" srcset=\"https:\/\/alkion.eu\/wp-content\/uploads\/2025\/06\/tabulka-trid-tesnosti.png 934w, https:\/\/alkion.eu\/wp-content\/uploads\/2025\/06\/tabulka-trid-tesnosti-300x258.png 300w, https:\/\/alkion.eu\/wp-content\/uploads\/2025\/06\/tabulka-trid-tesnosti-150x129.png 150w, https:\/\/alkion.eu\/wp-content\/uploads\/2025\/06\/tabulka-trid-tesnosti-768x659.png 768w, https:\/\/alkion.eu\/wp-content\/uploads\/2025\/06\/tabulka-trid-tesnosti-70x60.png 70w, https:\/\/alkion.eu\/wp-content\/uploads\/2025\/06\/tabulka-trid-tesnosti-190x163.png 190w, https:\/\/alkion.eu\/wp-content\/uploads\/2025\/06\/tabulka-trid-tesnosti-400x343.png 400w, https:\/\/alkion.eu\/wp-content\/uploads\/2025\/06\/tabulka-trid-tesnosti-470x404.png 470w, https:\/\/alkion.eu\/wp-content\/uploads\/2025\/06\/tabulka-trid-tesnosti-550x472.png 550w\" sizes=\"auto, (max-width: 934px) 100vw, 934px\" \/><figcaption class=\"wp-element-caption\"><em><strong><em>Tab. 1:<\/em><\/strong><em> Klasifikace vzduchotechnick\u00e9ho potrub\u00ed na z\u00e1klad\u011b vzduchot\u011bsnosti<\/em><\/em><\/figcaption><\/figure>\n\n\n\n<p>P\u0159esn\u011b o&nbsp;tomto t\u00e9matu ned\u00e1vno \u0161ir\u0161\u00ed ve\u0159ejnost sezn\u00e1mil n\u00e1\u0161 obchodn\u00ed \u0159editel Dalimil Petril\u00e1k na akci <a href=\"https:\/\/www.pasivnidomy.cz\/akce\/zimni-technicka-skola-901\/1266\">Zimn\u00ed technick\u00e1 <\/a><a href=\"https:\/\/www.pasivnidomy.cz\/akce\/zimni-technicka-skola-901\/1266\" target=\"_blank\" rel=\"noreferrer noopener\">\u0161<\/a><a href=\"https:\/\/www.pasivnidomy.cz\/akce\/zimni-technicka-skola-901\/1266\">kola<\/a> po\u0159\u00e1dan\u00e9 <a href=\"https:\/\/www.pasivnidomy.cz\/\" target=\"_blank\" rel=\"noreferrer noopener\">Centrem pasivn\u00edho domu<\/a>. Na\u0161e spole\u010dnost se d\u00edky t\u00e9to p\u0159\u00edle\u017eitosti stala hostem dvoudenn\u00edho vzd\u011bl\u00e1vac\u00edho programu, kter\u00fd se na udr\u017eiteln\u00e9 budovy zam\u011b\u0159il. Fakulta stavebn\u00ed p\u0159i&nbsp;VUT v&nbsp;Brn\u011b tak m\u011bla unik\u00e1tn\u00ed mo\u017enost p\u0159iv\u00edtat odborn\u00edky z&nbsp;oboru, kte\u0159\u00ed nejen student\u016fm, ale i&nbsp;\u0161ir\u0161\u00ed ve\u0159ejnosti p\u0159edali ty nejnov\u011bj\u0161\u00ed informace a&nbsp;poznatky o&nbsp;udr\u017eiteln\u00fdch a&nbsp;pasivn\u00edch budov\u00e1ch. D\u00edky osobn\u00edm konzultac\u00edm poslucha\u010d\u016f s&nbsp;p\u0159edn\u00e1\u0161ej\u00edc\u00edmi pak byla jistota, \u017ee byly zodpov\u011bzeny ve\u0161ker\u00e9 dotazy, kter\u00e9 hloubku prob\u00edran\u00fdch t\u00e9mat d\u00e1le umocnily.<br><\/p>\n\n\n\n<figure class=\"wp-block-image aligncenter size-large is-resized\"><img loading=\"lazy\" decoding=\"async\" width=\"576\" height=\"1024\" src=\"https:\/\/alkion.eu\/wp-content\/uploads\/2025\/06\/img-20250128-wa0001-576x1024.jpg\" alt=\"\" class=\"wp-image-4224\" style=\"width:267px;height:auto\" srcset=\"https:\/\/alkion.eu\/wp-content\/uploads\/2025\/06\/img-20250128-wa0001-576x1024.jpg 576w, https:\/\/alkion.eu\/wp-content\/uploads\/2025\/06\/img-20250128-wa0001-169x300.jpg 169w, https:\/\/alkion.eu\/wp-content\/uploads\/2025\/06\/img-20250128-wa0001-84x150.jpg 84w, https:\/\/alkion.eu\/wp-content\/uploads\/2025\/06\/img-20250128-wa0001-768x1365.jpg 768w, https:\/\/alkion.eu\/wp-content\/uploads\/2025\/06\/img-20250128-wa0001-864x1536.jpg 864w, https:\/\/alkion.eu\/wp-content\/uploads\/2025\/06\/img-20250128-wa0001-70x124.jpg 70w, https:\/\/alkion.eu\/wp-content\/uploads\/2025\/06\/img-20250128-wa0001-190x338.jpg 190w, https:\/\/alkion.eu\/wp-content\/uploads\/2025\/06\/img-20250128-wa0001-400x711.jpg 400w, https:\/\/alkion.eu\/wp-content\/uploads\/2025\/06\/img-20250128-wa0001-470x836.jpg 470w, https:\/\/alkion.eu\/wp-content\/uploads\/2025\/06\/img-20250128-wa0001-550x978.jpg 550w, https:\/\/alkion.eu\/wp-content\/uploads\/2025\/06\/img-20250128-wa0001.jpg 1134w\" sizes=\"auto, (max-width: 576px) 100vw, 576px\" \/><\/figure>\n\n\n\n<h2 class=\"wp-block-heading\">Co to p\u0159esn\u011b pasivn\u00ed d\u016fm je a&nbsp;jak vlastn\u011b funguje?<\/h2>\n\n\n\n<p>Jedn\u00e1 se o&nbsp;koncept, kter\u00fd p\u0159in\u00e1\u0161\u00ed nejen \u00fasporu n\u00e1klad\u016f za vyt\u00e1p\u011bn\u00ed, ale tak\u00e9 v\u00fdrazn\u011b zlep\u0161uje zdrav\u00ed tamn\u00edch obyvatel. D\u00edky za\u0159\u00edzen\u00ed, kter\u00e9 pracuje i&nbsp;v&nbsp;noci, je vzduch neust\u00e1le filtrov\u00e1n, co\u017e znamen\u00e1 m\u00e9n\u011b \u0161kodlivin a&nbsp;prachu v&nbsp;interi\u00e9ru. Pasivn\u00ed d\u016fm m\u00e1 spoustu v\u00fdhod, mezi kter\u00e9 \u0159ad\u00edme nap\u0159\u00edklad vy\u0161\u0161\u00ed komfort \u017eivota, extr\u00e9mn\u011b n\u00edzk\u00e9 n\u00e1klady na vyt\u00e1p\u011bn\u00ed, st\u00e1l\u00fd p\u0159\u00edvod \u010derstv\u00e9ho vzduchu, absenci pr\u016fvanu, vysokou tepelnou pohodu v&nbsp;m\u00edstnosti \u010di&nbsp;p\u0159\u00edjemn\u00e9 teploty v&nbsp;l\u00e9t\u011b i&nbsp;v&nbsp;zim\u011b.<\/p>\n\n\n\n<figure class=\"wp-block-image aligncenter size-full is-resized\"><img loading=\"lazy\" decoding=\"async\" width=\"776\" height=\"514\" src=\"https:\/\/alkion.eu\/wp-content\/uploads\/2025\/06\/pasivni-dum.jpg\" alt=\"\" class=\"wp-image-4227\" style=\"width:704px;height:auto\" srcset=\"https:\/\/alkion.eu\/wp-content\/uploads\/2025\/06\/pasivni-dum.jpg 776w, https:\/\/alkion.eu\/wp-content\/uploads\/2025\/06\/pasivni-dum-300x199.jpg 300w, https:\/\/alkion.eu\/wp-content\/uploads\/2025\/06\/pasivni-dum-150x99.jpg 150w, https:\/\/alkion.eu\/wp-content\/uploads\/2025\/06\/pasivni-dum-768x509.jpg 768w, https:\/\/alkion.eu\/wp-content\/uploads\/2025\/06\/pasivni-dum-70x46.jpg 70w, https:\/\/alkion.eu\/wp-content\/uploads\/2025\/06\/pasivni-dum-190x126.jpg 190w, https:\/\/alkion.eu\/wp-content\/uploads\/2025\/06\/pasivni-dum-400x265.jpg 400w, https:\/\/alkion.eu\/wp-content\/uploads\/2025\/06\/pasivni-dum-470x311.jpg 470w, https:\/\/alkion.eu\/wp-content\/uploads\/2025\/06\/pasivni-dum-550x364.jpg 550w\" sizes=\"auto, (max-width: 776px) 100vw, 776px\" \/><figcaption class=\"wp-element-caption\"><em>Jak funguje pasivn\u00ed d\u016fm. Zdroj: <\/em><a href=\"https:\/\/www.agiles.cz\/pasivni-domy.html\"><em>https:\/\/www.agiles.cz\/pasivni-domy.html<\/em><\/a><\/figcaption><\/figure>\n\n\n\n<h2 class=\"wp-block-heading\">Jak do konceptu pasivn\u00edho domu zapad\u00e1 t\u011bsnost vzduchotechniky?<\/h2>\n\n\n\n<p>Velice jednodu\u0161e: pou\u017eit\u00edm na\u0161\u00ed technologie <a href=\"https:\/\/www.tesnepotrubi.cz\" target=\"_blank\" rel=\"noreferrer noopener\">AEROSEAL<\/a>. B\u011bhem instalace vzduchotechnick\u00e9ho syst\u00e9mu a&nbsp;za dobu pou\u017e\u00edv\u00e1n\u00ed potrub\u00ed toti\u017e vznikaj\u00ed net\u011bsnosti. T\u00edm je v\u00fdrazn\u011b ovlivn\u011bn v\u00fdkon cel\u00e9ho vzduchotechnick\u00e9ho syst\u00e9mu a&nbsp;zvy\u0161uj\u00ed se energetick\u00e9 n\u00e1roky (a&nbsp;n\u00e1klady) na provoz. Nez\u00e1le\u017e\u00ed na tom, zda \u0159e\u0161\u00edte rekonstrukci \u010di&nbsp;modernizaci st\u00e1vaj\u00edc\u00ed vzduchotechniky, AEROSEAL ut\u011bsn\u00ed potrub\u00ed rychle, efektivn\u011b, a&nbsp;nav\u00edc lze garantovat nejvy\u0161\u0161\u00ed stupe\u0148 t\u011bsnosti. Jeden z&nbsp;na\u0161ich p\u0159edchoz\u00edch <a href=\"https:\/\/alkion.eu\/cs\/desitky-procent-uspor-diky-tesnemu-vzt-potrubi\/\">\u010dl\u00e1nk\u016f<\/a> V\u00e1m tuto technologii dopodrobna p\u0159edstavil, tak pro osv\u011b\u017een\u00ed ur\u010dit\u011b doporu\u010dujeme na\u0161e pov\u00edd\u00e1n\u00ed o&nbsp;AEROSEALu nav\u0161t\u00edvit.<\/p>\n\n\n\n<p>Na\u0161e \u00fa\u010dast na tomto semin\u00e1\u0159i tak potvrzuje skute\u010dnost, \u017ee nec\u00edl\u00edme pouze na \u010di\u0161t\u011bn\u00ed vzduchotechniky: krom\u011b t\u00e9to \u010dinnosti z\u00e1rove\u0148 poskytujeme profesion\u00e1ln\u00ed poradenstv\u00ed, neust\u00e1le vzd\u011bl\u00e1v\u00e1me jak na\u0161e zam\u011bstnance, tak i&nbsp;\u0161ir\u0161\u00ed ve\u0159ejnost a&nbsp;na\u0161e \u00fa\u010dasti na podobn\u00fdch semin\u00e1\u0159\u00edch, energetick\u00fdch f\u00f3rech \u010di&nbsp;odborn\u00fdch diskusn\u00edch panelech Alkion service s.r.o. d\u00e1le jako leadera v&nbsp;oblasti \u010di\u0161t\u011bn\u00ed vzduchotechniky na trhu upev\u0148uj\u00ed a&nbsp;p\u0159in\u00e1\u0161ej\u00ed dal\u0161\u00ed p\u0159\u00edle\u017eitosti v&nbsp;oboru!<\/p>\n\n\n\n<p>Z hlediska udr\u017eiteln\u00fdch budov se tak kup\u0159\u00edkladu m\u016f\u017eeme py\u0161nit \u010dlenstv\u00edm v&nbsp;<a href=\"https:\/\/www.czgbc.org\/\" target=\"_blank\" rel=\"noreferrer noopener\">CZGBC<\/a> (Czech Green Building Council). \u010cesk\u00e1 rada pro \u0161etrn\u00e9 budovy od roku 2009 sdru\u017euje spole\u010dnosti z&nbsp;r\u016fzn\u00fdch sektor\u016f ekonomiky, jejich\u017e poj\u00edtkem jsou kvalitn\u00ed budovy a&nbsp;stavebnictv\u00ed podporuj\u00edc\u00ed novou v\u00fdstavbu i&nbsp;renovace na z\u00e1klad\u011b princip\u016f udr\u017eitelnosti. V\u0161echny aktivity CZGBC sm\u011b\u0159uj\u00ed k&nbsp;napln\u011bn\u00ed tzv.&nbsp;Vize Nula, tedy stavu, kdy budovy budou m\u00edt nulovou z\u00e1t\u011b\u017e na \u017eivotn\u00ed prost\u0159ed\u00ed v&nbsp;cel\u00e9m jejich \u017eivotn\u00edm cyklu.<\/p>\n\n\n\n<figure class=\"wp-block-image aligncenter size-large is-resized\"><img loading=\"lazy\" decoding=\"async\" width=\"1024\" height=\"702\" src=\"https:\/\/alkion.eu\/wp-content\/uploads\/2025\/06\/alkion-czgbc-1024x702.png\" alt=\"Certifik\u00e1t \u010dlenstv\u00ed CZGBC\" class=\"wp-image-4230\" style=\"width:703px;height:auto\" srcset=\"https:\/\/alkion.eu\/wp-content\/uploads\/2025\/06\/alkion-czgbc-1024x702.png 1024w, https:\/\/alkion.eu\/wp-content\/uploads\/2025\/06\/alkion-czgbc-300x206.png 300w, https:\/\/alkion.eu\/wp-content\/uploads\/2025\/06\/alkion-czgbc-150x103.png 150w, https:\/\/alkion.eu\/wp-content\/uploads\/2025\/06\/alkion-czgbc-768x526.png 768w, https:\/\/alkion.eu\/wp-content\/uploads\/2025\/06\/alkion-czgbc-1536x1053.png 1536w, https:\/\/alkion.eu\/wp-content\/uploads\/2025\/06\/alkion-czgbc-70x48.png 70w, https:\/\/alkion.eu\/wp-content\/uploads\/2025\/06\/alkion-czgbc-190x130.png 190w, https:\/\/alkion.eu\/wp-content\/uploads\/2025\/06\/alkion-czgbc-400x274.png 400w, https:\/\/alkion.eu\/wp-content\/uploads\/2025\/06\/alkion-czgbc-470x322.png 470w, https:\/\/alkion.eu\/wp-content\/uploads\/2025\/06\/alkion-czgbc-550x377.png 550w, https:\/\/alkion.eu\/wp-content\/uploads\/2025\/06\/alkion-czgbc-1440x987.png 1440w, https:\/\/alkion.eu\/wp-content\/uploads\/2025\/06\/alkion-czgbc-1700x1165.png 1700w, https:\/\/alkion.eu\/wp-content\/uploads\/2025\/06\/alkion-czgbc.png 1736w\" sizes=\"auto, (max-width: 1024px) 100vw, 1024px\" \/><\/figure>\n\n\n\n<h2 class=\"wp-block-heading\">Lep\u0161\u00ed \u017eivot d\u00edky CZGBC<\/h2>\n\n\n\n<p>CZGBC toti\u017e motivuje trh ke zm\u011bn\u011b zp\u016fsob\u016f, jak\u00fdmi lid\u00e9 budovy a&nbsp;urbanistick\u00e9 celky navrhuj\u00ed, stav\u00ed, udr\u017euj\u00ed a&nbsp;provozuj\u00ed. Se snahou vytv\u00e1\u0159et zdrav\u00e9, prosperuj\u00edc\u00ed a&nbsp;environment\u00e1ln\u011b i&nbsp;spole\u010densky ohledupln\u00e9 urb\u00e1nn\u00ed prost\u0159ed\u00ed je lep\u0161\u00ed kvalita \u017eivota na dohled v\u00edce ne\u017e kdy jindy. Snaha t\u00e9to exkluzivn\u00ed rady c\u00edl\u00ed na \u0161etrn\u00e9 stavebnictv\u00ed, co\u017e se projev\u00ed zejm\u00e9na na minimalizaci negativn\u00edch dopad\u016f na \u017eivotn\u00ed prost\u0159ed\u00ed. Stavebn\u00ed proces bude efektivn\u011b vyu\u017e\u00edvat ve\u0161ker\u00e9 zdroje, v\u010detn\u011b obnoviteln\u00fdch \u010di&nbsp;recyklovateln\u00fdch materi\u00e1l\u016f bez produkce skl\u00e1dkov\u00e9ho odpadu.<\/p>\n\n\n\n<p>Co si o&nbsp;na\u0161ich aktivit\u00e1ch mysl\u00edte Vy? Byli jste hostem podobn\u00fdch vzd\u011bl\u00e1vac\u00edch akc\u00ed? Vid\u011bli byste n\u00e1s r\u00e1di na akci po\u0159\u00e1dan\u00e9 V\u00e1mi, kter\u00e1 do sv\u011bta vzduchotechniky zapad\u00e1? Napi\u0161te n\u00e1m nebo zavolejte, vzduchotechnika je na\u0161\u00ed v\u00e1\u0161n\u00ed.<\/p>\n\n\n<div id=\"contact-form-block_a3579969da757c3cd99d6dbb6ec2a424\" class=\"section-wrapper\">\r\n\t<img decoding=\"async\" src=\"https:\/\/alkion.eu\/wp-content\/themes\/unifer-alkion\/assets\/images\/polygon.svg\" alt=\"Polygon\" class=\"contact-form-polygon\">\r\n\t<section class=\"contact-form section padding grid-x\">\r\n\t\t<div class=\"small-12 text-center margin--bottom width width--general\">\r\n\t\t\t<div class=\"\">\r\n\t\t\t\t\t\t\t\t\t<div class=\"section__claim\">Zaj\u00edm\u00e1 v\u00e1s t\u011bsnost vzduchotechniky?<\/div>\r\n\t\t\t\t\t\t\t\t<h2 class=\"text-center\">Napi\u0161te n\u00e1m!<\/h2>\r\n\t\t\t\t<p class=\"section__paragraph width width--thin\"><\/p>\r\n\t\t\t\t\t\t\t\t\t<div class=\"contact-form__contacts width width--thin grid-x text-center\">\r\n\t\t\t\t\t\t<div class=\"small-12 medium-6\">\r\n\t\t\t\t\t\t\t\t\t\t<span class=\"the-contact\">\r\n\t\t\t\t\t\t\t<img decoding=\"async\" src=\"https:\/\/alkion.eu\/wp-content\/themes\/unifer-alkion\/assets\/images\/icon-mail.svg\" alt=\"Email - ikona\" loading=\"lazy\" width=\"154\" height=\"150\" class=\"icon\">\r\n\t\t\t\t\t\t<a href=\"m&#97;il&#116;&#111;&#58;i&#110;fo&#64;a&#108;k&#105;&#111;&#110;&#46;&#101;&#117;\" class=\"contact-link\">&#105;nfo&#64;&#97;lkio&#110;.e&#117;<\/a>\r\n\t\t\t<\/span>\t\t\t\t\t\t<\/div>\r\n\t\t\t\t\t\t<div class=\"small-12 medium-6\">\r\n\t\t\t\t\t\t\t\t\t\t<span class=\"the-contact\">\r\n\t\t\t\t\t\t\t<img decoding=\"async\" src=\"https:\/\/alkion.eu\/wp-content\/themes\/unifer-alkion\/assets\/images\/icon-phone.svg\" alt=\"Telefon - ikona\" loading=\"lazy\" width=\"154\" height=\"150\" class=\"icon\">\r\n\t\t\t\t\t\t<a href=\"tel&#58;+&#52;&#50;0&#55;77743&#56;&#56;&#49;\" class=\"contact-link\">+420&nbsp;777&nbsp;743&nbsp;881<\/a>\r\n\t\t\t<\/span>\t\t\t\t\t\t<\/div>\r\n\t\t\t\t\t<\/div>\r\n\t\t\t\t\t\t\t<\/div>\r\n\t\t<\/div>\r\n\t\t<div class=\"contact-form__form small-12 bg--secondary\">\r\n\t\t\t\t\t\t\t\n<div class=\"wpcf7 no-js\" id=\"wpcf7-f5-o1\" lang=\"cs-CZ\" dir=\"ltr\" data-wpcf7-id=\"5\">\n<div class=\"screen-reader-response\"><p role=\"status\" aria-live=\"polite\" aria-atomic=\"true\"><\/p> <ul><\/ul><\/div>\n<form action=\"\/cs\/wp-json\/wp\/v2\/posts\/4217#wpcf7-f5-o1\" method=\"post\" class=\"wpcf7-form init width width--narrow-small\" aria-label=\"Kontaktn\u00ed formul\u00e1\u0159\" novalidate=\"novalidate\" data-status=\"init\">\n<fieldset class=\"hidden-fields-container\"><input type=\"hidden\" name=\"_wpcf7\" value=\"5\" \/><input type=\"hidden\" name=\"_wpcf7_version\" value=\"6.1.5\" \/><input type=\"hidden\" name=\"_wpcf7_locale\" value=\"cs_CZ\" \/><input type=\"hidden\" name=\"_wpcf7_unit_tag\" value=\"wpcf7-f5-o1\" \/><input type=\"hidden\" name=\"_wpcf7_container_post\" value=\"0\" \/><input type=\"hidden\" name=\"_wpcf7_posted_data_hash\" value=\"\" \/><input type=\"hidden\" name=\"_wpcf7_recaptcha_response\" value=\"\" \/>\n<\/fieldset>\n<label class=\"wpcf7-form__name\">Va\u0161e jm\u00e9no*:<span class=\"wpcf7-form-control-wrap\" data-name=\"fullname\"><input size=\"40\" maxlength=\"400\" class=\"wpcf7-form-control wpcf7-text wpcf7-validates-as-required\" aria-required=\"true\" aria-invalid=\"false\" value=\"\" type=\"text\" name=\"fullname\" \/><\/span><\/label>\n\n<label class=\"wpcf7-form__email\">V\u00e1\u0161 e-mail*:<span class=\"wpcf7-form-control-wrap\" data-name=\"email\"><input size=\"40\" maxlength=\"400\" class=\"wpcf7-form-control wpcf7-email wpcf7-validates-as-required wpcf7-text wpcf7-validates-as-email\" aria-required=\"true\" aria-invalid=\"false\" placeholder=\"@\" value=\"\" type=\"email\" name=\"email\" \/><\/span><\/label>\n\n<label class=\"wpcf7-form__phone\">Va\u0161e telefonn\u00ed \u010d\u00edslo:<span class=\"wpcf7-form-control-wrap\" data-name=\"phone\"><input size=\"40\" maxlength=\"400\" class=\"wpcf7-form-control wpcf7-tel wpcf7-text wpcf7-validates-as-tel\" aria-invalid=\"false\" placeholder=\"+420\" value=\"\" type=\"tel\" name=\"phone\" \/><\/span><\/label>\n\n<label class=\"wpcf7-form__message\">Va\u0161e zpr\u00e1va*:<span class=\"wpcf7-form-control-wrap\" data-name=\"message\"><textarea cols=\"40\" rows=\"10\" maxlength=\"2000\" class=\"wpcf7-form-control wpcf7-textarea wpcf7-validates-as-required\" aria-required=\"true\" aria-invalid=\"false\" name=\"message\"><\/textarea><\/span><\/label>\n\n<span class=\"wpcf7-form-control-wrap\" data-name=\"wpcf7-form__gdpr\"><span class=\"wpcf7-form-control wpcf7-acceptance\"><span class=\"wpcf7-list-item\"><label><input type=\"checkbox\" name=\"wpcf7-form__gdpr\" value=\"1\" aria-invalid=\"false\" \/><span class=\"wpcf7-list-item-label\"><span class=\"checkmark\"><\/span>Souhlas\u00edm se zpracov\u00e1n\u00edm <a href=\"https:\/\/alkion.eu\/cs\/zpracovani-osobnich-udaju\/\" target=\"_blank\">osobn\u00edch \u00fadaj\u016f<\/a>.<\/span><\/label><\/span><\/span><\/span>\n\n<span id=\"wpcf7-69f559c1d94e9-wrapper\" class=\"wpcf7-form-control-wrap honeypot-692-wrap\" style=\"display:none !important; visibility:hidden !important;\"><label for=\"wpcf7-69f559c1d94e9-field\" class=\"hp-message\">Ponechte toto pole pr\u00e1zdn\u00e9.<\/label><input id=\"wpcf7-69f559c1d94e9-field\"  class=\"wpcf7-form-control wpcf7-text\" type=\"text\" name=\"honeypot-692\" value=\"\" size=\"40\" tabindex=\"-1\" autocomplete=\"new-password\" \/><\/span>\n\n<div class=\"wpcf7-form__submit\"><button class='button button--arrow-right' type\u00e9\"submit\">Odeslat<\/button><span class=\"wpcf7-spinner\"><\/span><\/div><div class=\"wpcf7-response-output\" aria-hidden=\"true\"><\/div>\n<\/form>\n<\/div>\n\t\t\t\t\t<\/div>\r\n\t<\/section>\r\n<\/div>\n\n\n<p><\/p>\n","protected":false},"excerpt":{"rendered":"<p>Sly\u0161eli jste n\u011bkdy o&nbsp;pojmu \u201e\u00fa\u010dinn\u00e1 vzduchotechnika\u201c? V&nbsp;tomto \u010dl\u00e1nku si jej podrobn\u011bji p\u0159ibl\u00ed\u017e\u00edme, a&nbsp;to jako funk\u010dn\u00ed sou\u010d\u00e1st pasivn\u00edho domu. Netu\u0161\u00edte v\u0161ak, co si pod slovn\u00edm spojen\u00edm \u201epasivn\u00ed d\u016fm\u201c p\u0159edstavit? I&nbsp;to je v&nbsp;dne\u0161n\u00ed dob\u011b \u010d\u00edm d\u00e1l v\u00edce vyhled\u00e1van\u00fd pojem, nebo\u0165 po\u017eadavky na \u00fasporu energie za doprovodu eliminace uhl\u00edkov\u00e9 stopy v&nbsp;maxim\u00e1ln\u00ed mo\u017en\u00e9 m\u00ed\u0159e jsou d\u016fle\u017eit\u00e9 nejen pro okol\u00ed, [&hellip;]<\/p>\n","protected":false},"author":3,"featured_media":4221,"comment_status":"closed","ping_status":"closed","sticky":false,"template":"","format":"standard","meta":{"_acf_changed":false,"footnotes":""},"categories":[15],"tags":[],"class_list":["post-4217","post","type-post","status-publish","format-standard","has-post-thumbnail","hentry","category-aktuality"],"acf":[],"yoast_head":"<!-- This site is optimized with the Yoast SEO plugin v27.5 - https:\/\/yoast.com\/product\/yoast-seo-wordpress\/ -->\n<title>T\u011bsn\u00e1 vzduchotechnika jako funk\u010dn\u00ed sou\u010d\u00e1st pasivn\u00edho domu - Alkion<\/title>\n<meta name=\"robots\" content=\"index, follow, max-snippet:-1, max-image-preview:large, max-video-preview:-1\" \/>\n<link rel=\"canonical\" href=\"https:\/\/alkion.eu\/cs\/tesna-vzduchotechnika-jako-funkcni-soucast-pasivniho-domu\/\" \/>\n<meta property=\"og:locale\" content=\"cs_CZ\" \/>\n<meta property=\"og:type\" content=\"article\" \/>\n<meta property=\"og:title\" content=\"T\u011bsn\u00e1 vzduchotechnika jako funk\u010dn\u00ed sou\u010d\u00e1st pasivn\u00edho domu - Alkion\" \/>\n<meta property=\"og:description\" content=\"Sly\u0161eli jste n\u011bkdy o&nbsp;pojmu \u201e\u00fa\u010dinn\u00e1 vzduchotechnika\u201c? V&nbsp;tomto \u010dl\u00e1nku si jej podrobn\u011bji p\u0159ibl\u00ed\u017e\u00edme, a&nbsp;to jako funk\u010dn\u00ed sou\u010d\u00e1st pasivn\u00edho domu. Netu\u0161\u00edte v\u0161ak, co si pod slovn\u00edm spojen\u00edm \u201epasivn\u00ed d\u016fm\u201c p\u0159edstavit? I&nbsp;to je v&nbsp;dne\u0161n\u00ed dob\u011b \u010d\u00edm d\u00e1l v\u00edce vyhled\u00e1van\u00fd pojem, nebo\u0165 po\u017eadavky na \u00fasporu energie za doprovodu eliminace uhl\u00edkov\u00e9 stopy v&nbsp;maxim\u00e1ln\u00ed mo\u017en\u00e9 m\u00ed\u0159e jsou d\u016fle\u017eit\u00e9 nejen pro okol\u00ed, [&hellip;]\" \/>\n<meta property=\"og:url\" content=\"https:\/\/alkion.eu\/cs\/tesna-vzduchotechnika-jako-funkcni-soucast-pasivniho-domu\/\" \/>\n<meta property=\"og:site_name\" content=\"Alkion\" \/>\n<meta property=\"article:publisher\" content=\"https:\/\/www.facebook.com\/Alkionservice\/\" \/>\n<meta property=\"article:published_time\" content=\"2025-03-25T07:34:00+00:00\" \/>\n<meta property=\"article:modified_time\" content=\"2025-06-30T07:41:02+00:00\" \/>\n<meta property=\"og:image\" content=\"https:\/\/alkion.eu\/wp-content\/uploads\/2025\/06\/img-20250128-wa0007.jpg\" \/>\n\t<meta property=\"og:image:width\" content=\"2016\" \/>\n\t<meta property=\"og:image:height\" content=\"1134\" \/>\n\t<meta property=\"og:image:type\" content=\"image\/jpeg\" \/>\n<meta name=\"twitter:card\" content=\"summary_large_image\" \/>\n<meta name=\"twitter:label1\" content=\"Napsal(a)\" \/>\n\t<meta name=\"twitter:data1\" content=\"dalimil.petrilak@alkion.eu\" \/>\n\t<meta name=\"twitter:label2\" content=\"Odhadovan\u00e1 doba \u010dten\u00ed\" \/>\n\t<meta name=\"twitter:data2\" content=\"5 minut\" \/>\n<script type=\"application\/ld+json\" class=\"yoast-schema-graph\">{\"@context\":\"https:\\\/\\\/schema.org\",\"@graph\":[{\"@type\":\"Article\",\"@id\":\"https:\\\/\\\/alkion.eu\\\/cs\\\/tesna-vzduchotechnika-jako-funkcni-soucast-pasivniho-domu\\\/#article\",\"isPartOf\":{\"@id\":\"https:\\\/\\\/alkion.eu\\\/cs\\\/tesna-vzduchotechnika-jako-funkcni-soucast-pasivniho-domu\\\/\"},\"headline\":\"T\u011bsn\u00e1 vzduchotechnika jako funk\u010dn\u00ed sou\u010d\u00e1st pasivn\u00edho domu\",\"datePublished\":\"2025-03-25T07:34:00+00:00\",\"dateModified\":\"2025-06-30T07:41:02+00:00\",\"mainEntityOfPage\":{\"@id\":\"https:\\\/\\\/alkion.eu\\\/cs\\\/tesna-vzduchotechnika-jako-funkcni-soucast-pasivniho-domu\\\/\"},\"wordCount\":1102,\"publisher\":{\"@id\":\"https:\\\/\\\/alkion.eu\\\/cs\\\/#organization\"},\"image\":{\"@id\":\"https:\\\/\\\/alkion.eu\\\/cs\\\/tesna-vzduchotechnika-jako-funkcni-soucast-pasivniho-domu\\\/#primaryimage\"},\"thumbnailUrl\":\"https:\\\/\\\/alkion.eu\\\/wp-content\\\/uploads\\\/2025\\\/06\\\/img-20250128-wa0007.jpg\",\"articleSection\":[\"Aktuality\"],\"inLanguage\":\"cs\"},{\"@type\":\"WebPage\",\"@id\":\"https:\\\/\\\/alkion.eu\\\/cs\\\/tesna-vzduchotechnika-jako-funkcni-soucast-pasivniho-domu\\\/\",\"url\":\"https:\\\/\\\/alkion.eu\\\/cs\\\/tesna-vzduchotechnika-jako-funkcni-soucast-pasivniho-domu\\\/\",\"name\":\"T\u011bsn\u00e1 vzduchotechnika jako funk\u010dn\u00ed sou\u010d\u00e1st pasivn\u00edho domu - Alkion\",\"isPartOf\":{\"@id\":\"https:\\\/\\\/alkion.eu\\\/cs\\\/#website\"},\"primaryImageOfPage\":{\"@id\":\"https:\\\/\\\/alkion.eu\\\/cs\\\/tesna-vzduchotechnika-jako-funkcni-soucast-pasivniho-domu\\\/#primaryimage\"},\"image\":{\"@id\":\"https:\\\/\\\/alkion.eu\\\/cs\\\/tesna-vzduchotechnika-jako-funkcni-soucast-pasivniho-domu\\\/#primaryimage\"},\"thumbnailUrl\":\"https:\\\/\\\/alkion.eu\\\/wp-content\\\/uploads\\\/2025\\\/06\\\/img-20250128-wa0007.jpg\",\"datePublished\":\"2025-03-25T07:34:00+00:00\",\"dateModified\":\"2025-06-30T07:41:02+00:00\",\"breadcrumb\":{\"@id\":\"https:\\\/\\\/alkion.eu\\\/cs\\\/tesna-vzduchotechnika-jako-funkcni-soucast-pasivniho-domu\\\/#breadcrumb\"},\"inLanguage\":\"cs\",\"potentialAction\":[{\"@type\":\"ReadAction\",\"target\":[\"https:\\\/\\\/alkion.eu\\\/cs\\\/tesna-vzduchotechnika-jako-funkcni-soucast-pasivniho-domu\\\/\"]}]},{\"@type\":\"ImageObject\",\"inLanguage\":\"cs\",\"@id\":\"https:\\\/\\\/alkion.eu\\\/cs\\\/tesna-vzduchotechnika-jako-funkcni-soucast-pasivniho-domu\\\/#primaryimage\",\"url\":\"https:\\\/\\\/alkion.eu\\\/wp-content\\\/uploads\\\/2025\\\/06\\\/img-20250128-wa0007.jpg\",\"contentUrl\":\"https:\\\/\\\/alkion.eu\\\/wp-content\\\/uploads\\\/2025\\\/06\\\/img-20250128-wa0007.jpg\",\"width\":2016,\"height\":1134},{\"@type\":\"BreadcrumbList\",\"@id\":\"https:\\\/\\\/alkion.eu\\\/cs\\\/tesna-vzduchotechnika-jako-funkcni-soucast-pasivniho-domu\\\/#breadcrumb\",\"itemListElement\":[{\"@type\":\"ListItem\",\"position\":1,\"name\":\"Dom\u016f\",\"item\":\"https:\\\/\\\/alkion.eu\\\/cs\\\/\"},{\"@type\":\"ListItem\",\"position\":2,\"name\":\"T\u011bsn\u00e1 vzduchotechnika jako funk\u010dn\u00ed sou\u010d\u00e1st pasivn\u00edho domu\"}]},{\"@type\":\"WebSite\",\"@id\":\"https:\\\/\\\/alkion.eu\\\/cs\\\/#website\",\"url\":\"https:\\\/\\\/alkion.eu\\\/cs\\\/\",\"name\":\"Alkion\",\"description\":\"\u010cist\u00edme odv\u011btr\u00e1vac\u00ed potrub\u00ed\",\"publisher\":{\"@id\":\"https:\\\/\\\/alkion.eu\\\/cs\\\/#organization\"},\"potentialAction\":[{\"@type\":\"SearchAction\",\"target\":{\"@type\":\"EntryPoint\",\"urlTemplate\":\"https:\\\/\\\/alkion.eu\\\/cs\\\/?s={search_term_string}\"},\"query-input\":{\"@type\":\"PropertyValueSpecification\",\"valueRequired\":true,\"valueName\":\"search_term_string\"}}],\"inLanguage\":\"cs\"},{\"@type\":\"Organization\",\"@id\":\"https:\\\/\\\/alkion.eu\\\/cs\\\/#organization\",\"name\":\"Alkion\",\"url\":\"https:\\\/\\\/alkion.eu\\\/cs\\\/\",\"logo\":{\"@type\":\"ImageObject\",\"inLanguage\":\"cs\",\"@id\":\"https:\\\/\\\/alkion.eu\\\/cs\\\/#\\\/schema\\\/logo\\\/image\\\/\",\"url\":\"https:\\\/\\\/alkion.eu\\\/wp-content\\\/uploads\\\/2021\\\/06\\\/alkion-logo2x.png\",\"contentUrl\":\"https:\\\/\\\/alkion.eu\\\/wp-content\\\/uploads\\\/2021\\\/06\\\/alkion-logo2x.png\",\"width\":1854,\"height\":869,\"caption\":\"Alkion\"},\"image\":{\"@id\":\"https:\\\/\\\/alkion.eu\\\/cs\\\/#\\\/schema\\\/logo\\\/image\\\/\"},\"sameAs\":[\"https:\\\/\\\/www.facebook.com\\\/Alkionservice\\\/\"]}]}<\/script>\n<!-- \/ Yoast SEO plugin. -->","yoast_head_json":{"title":"T\u011bsn\u00e1 vzduchotechnika jako funk\u010dn\u00ed sou\u010d\u00e1st pasivn\u00edho domu - Alkion","robots":{"index":"index","follow":"follow","max-snippet":"max-snippet:-1","max-image-preview":"max-image-preview:large","max-video-preview":"max-video-preview:-1"},"canonical":"https:\/\/alkion.eu\/cs\/tesna-vzduchotechnika-jako-funkcni-soucast-pasivniho-domu\/","og_locale":"cs_CZ","og_type":"article","og_title":"T\u011bsn\u00e1 vzduchotechnika jako funk\u010dn\u00ed sou\u010d\u00e1st pasivn\u00edho domu - Alkion","og_description":"Sly\u0161eli jste n\u011bkdy o&nbsp;pojmu \u201e\u00fa\u010dinn\u00e1 vzduchotechnika\u201c? V&nbsp;tomto \u010dl\u00e1nku si jej podrobn\u011bji p\u0159ibl\u00ed\u017e\u00edme, a&nbsp;to jako funk\u010dn\u00ed sou\u010d\u00e1st pasivn\u00edho domu. Netu\u0161\u00edte v\u0161ak, co si pod slovn\u00edm spojen\u00edm \u201epasivn\u00ed d\u016fm\u201c p\u0159edstavit? I&nbsp;to je v&nbsp;dne\u0161n\u00ed dob\u011b \u010d\u00edm d\u00e1l v\u00edce vyhled\u00e1van\u00fd pojem, nebo\u0165 po\u017eadavky na \u00fasporu energie za doprovodu eliminace uhl\u00edkov\u00e9 stopy v&nbsp;maxim\u00e1ln\u00ed mo\u017en\u00e9 m\u00ed\u0159e jsou d\u016fle\u017eit\u00e9 nejen pro okol\u00ed, [&hellip;]","og_url":"https:\/\/alkion.eu\/cs\/tesna-vzduchotechnika-jako-funkcni-soucast-pasivniho-domu\/","og_site_name":"Alkion","article_publisher":"https:\/\/www.facebook.com\/Alkionservice\/","article_published_time":"2025-03-25T07:34:00+00:00","article_modified_time":"2025-06-30T07:41:02+00:00","og_image":[{"width":2016,"height":1134,"url":"https:\/\/alkion.eu\/wp-content\/uploads\/2025\/06\/img-20250128-wa0007.jpg","type":"image\/jpeg"}],"twitter_card":"summary_large_image","twitter_misc":{"Napsal(a)":"dalimil.petrilak@alkion.eu","Odhadovan\u00e1 doba \u010dten\u00ed":"5 minut"},"schema":{"@context":"https:\/\/schema.org","@graph":[{"@type":"Article","@id":"https:\/\/alkion.eu\/cs\/tesna-vzduchotechnika-jako-funkcni-soucast-pasivniho-domu\/#article","isPartOf":{"@id":"https:\/\/alkion.eu\/cs\/tesna-vzduchotechnika-jako-funkcni-soucast-pasivniho-domu\/"},"headline":"T\u011bsn\u00e1 vzduchotechnika jako funk\u010dn\u00ed sou\u010d\u00e1st pasivn\u00edho domu","datePublished":"2025-03-25T07:34:00+00:00","dateModified":"2025-06-30T07:41:02+00:00","mainEntityOfPage":{"@id":"https:\/\/alkion.eu\/cs\/tesna-vzduchotechnika-jako-funkcni-soucast-pasivniho-domu\/"},"wordCount":1102,"publisher":{"@id":"https:\/\/alkion.eu\/cs\/#organization"},"image":{"@id":"https:\/\/alkion.eu\/cs\/tesna-vzduchotechnika-jako-funkcni-soucast-pasivniho-domu\/#primaryimage"},"thumbnailUrl":"https:\/\/alkion.eu\/wp-content\/uploads\/2025\/06\/img-20250128-wa0007.jpg","articleSection":["Aktuality"],"inLanguage":"cs"},{"@type":"WebPage","@id":"https:\/\/alkion.eu\/cs\/tesna-vzduchotechnika-jako-funkcni-soucast-pasivniho-domu\/","url":"https:\/\/alkion.eu\/cs\/tesna-vzduchotechnika-jako-funkcni-soucast-pasivniho-domu\/","name":"T\u011bsn\u00e1 vzduchotechnika jako funk\u010dn\u00ed sou\u010d\u00e1st pasivn\u00edho domu - Alkion","isPartOf":{"@id":"https:\/\/alkion.eu\/cs\/#website"},"primaryImageOfPage":{"@id":"https:\/\/alkion.eu\/cs\/tesna-vzduchotechnika-jako-funkcni-soucast-pasivniho-domu\/#primaryimage"},"image":{"@id":"https:\/\/alkion.eu\/cs\/tesna-vzduchotechnika-jako-funkcni-soucast-pasivniho-domu\/#primaryimage"},"thumbnailUrl":"https:\/\/alkion.eu\/wp-content\/uploads\/2025\/06\/img-20250128-wa0007.jpg","datePublished":"2025-03-25T07:34:00+00:00","dateModified":"2025-06-30T07:41:02+00:00","breadcrumb":{"@id":"https:\/\/alkion.eu\/cs\/tesna-vzduchotechnika-jako-funkcni-soucast-pasivniho-domu\/#breadcrumb"},"inLanguage":"cs","potentialAction":[{"@type":"ReadAction","target":["https:\/\/alkion.eu\/cs\/tesna-vzduchotechnika-jako-funkcni-soucast-pasivniho-domu\/"]}]},{"@type":"ImageObject","inLanguage":"cs","@id":"https:\/\/alkion.eu\/cs\/tesna-vzduchotechnika-jako-funkcni-soucast-pasivniho-domu\/#primaryimage","url":"https:\/\/alkion.eu\/wp-content\/uploads\/2025\/06\/img-20250128-wa0007.jpg","contentUrl":"https:\/\/alkion.eu\/wp-content\/uploads\/2025\/06\/img-20250128-wa0007.jpg","width":2016,"height":1134},{"@type":"BreadcrumbList","@id":"https:\/\/alkion.eu\/cs\/tesna-vzduchotechnika-jako-funkcni-soucast-pasivniho-domu\/#breadcrumb","itemListElement":[{"@type":"ListItem","position":1,"name":"Dom\u016f","item":"https:\/\/alkion.eu\/cs\/"},{"@type":"ListItem","position":2,"name":"T\u011bsn\u00e1 vzduchotechnika jako funk\u010dn\u00ed sou\u010d\u00e1st pasivn\u00edho domu"}]},{"@type":"WebSite","@id":"https:\/\/alkion.eu\/cs\/#website","url":"https:\/\/alkion.eu\/cs\/","name":"Alkion","description":"\u010cist\u00edme odv\u011btr\u00e1vac\u00ed potrub\u00ed","publisher":{"@id":"https:\/\/alkion.eu\/cs\/#organization"},"potentialAction":[{"@type":"SearchAction","target":{"@type":"EntryPoint","urlTemplate":"https:\/\/alkion.eu\/cs\/?s={search_term_string}"},"query-input":{"@type":"PropertyValueSpecification","valueRequired":true,"valueName":"search_term_string"}}],"inLanguage":"cs"},{"@type":"Organization","@id":"https:\/\/alkion.eu\/cs\/#organization","name":"Alkion","url":"https:\/\/alkion.eu\/cs\/","logo":{"@type":"ImageObject","inLanguage":"cs","@id":"https:\/\/alkion.eu\/cs\/#\/schema\/logo\/image\/","url":"https:\/\/alkion.eu\/wp-content\/uploads\/2021\/06\/alkion-logo2x.png","contentUrl":"https:\/\/alkion.eu\/wp-content\/uploads\/2021\/06\/alkion-logo2x.png","width":1854,"height":869,"caption":"Alkion"},"image":{"@id":"https:\/\/alkion.eu\/cs\/#\/schema\/logo\/image\/"},"sameAs":["https:\/\/www.facebook.com\/Alkionservice\/"]}]}},"_links":{"self":[{"href":"https:\/\/alkion.eu\/cs\/wp-json\/wp\/v2\/posts\/4217","targetHints":{"allow":["GET"]}}],"collection":[{"href":"https:\/\/alkion.eu\/cs\/wp-json\/wp\/v2\/posts"}],"about":[{"href":"https:\/\/alkion.eu\/cs\/wp-json\/wp\/v2\/types\/post"}],"author":[{"embeddable":true,"href":"https:\/\/alkion.eu\/cs\/wp-json\/wp\/v2\/users\/3"}],"replies":[{"embeddable":true,"href":"https:\/\/alkion.eu\/cs\/wp-json\/wp\/v2\/comments?post=4217"}],"version-history":[{"count":2,"href":"https:\/\/alkion.eu\/cs\/wp-json\/wp\/v2\/posts\/4217\/revisions"}],"predecessor-version":[{"id":4234,"href":"https:\/\/alkion.eu\/cs\/wp-json\/wp\/v2\/posts\/4217\/revisions\/4234"}],"wp:featuredmedia":[{"embeddable":true,"href":"https:\/\/alkion.eu\/cs\/wp-json\/wp\/v2\/media\/4221"}],"wp:attachment":[{"href":"https:\/\/alkion.eu\/cs\/wp-json\/wp\/v2\/media?parent=4217"}],"wp:term":[{"taxonomy":"category","embeddable":true,"href":"https:\/\/alkion.eu\/cs\/wp-json\/wp\/v2\/categories?post=4217"},{"taxonomy":"post_tag","embeddable":true,"href":"https:\/\/alkion.eu\/cs\/wp-json\/wp\/v2\/tags?post=4217"}],"curies":[{"name":"wp","href":"https:\/\/api.w.org\/{rel}","templated":true}]}}