{"id":4113,"date":"2024-10-30T10:12:41","date_gmt":"2024-10-30T09:12:41","guid":{"rendered":"https:\/\/alkion.eu\/?p=4113"},"modified":"2024-12-19T23:07:39","modified_gmt":"2024-12-19T22:07:39","slug":"alkion-ma-opet-viceprezidenta-v-evrope-konference-evha-v-hamburku","status":"publish","type":"post","link":"https:\/\/alkion.eu\/cs\/alkion-ma-opet-viceprezidenta-v-evrope-konference-evha-v-hamburku\/","title":{"rendered":"Alkion m\u00e1 op\u011bt viceprezidenta v\u00a0Evrop\u011b \u2013 konference EVHA v\u00a0Hamburku"},"content":{"rendered":"\n<h2 class=\"wp-block-heading\">Spojen\u00ed odborn\u00edk\u016f z&nbsp;oboru\u00a0na jednom m\u00edst\u011b<\/h2>\n\n\n\n<p>Jako dlouholet\u00fd \u010dlen <strong>European Ventilation Hygiene Association (<a href=\"http:\/\/www.evha.eu\" target=\"_blank\" rel=\"noreferrer noopener\">EVHA<\/a>)<\/strong> a&nbsp;s&nbsp;hrdost\u00ed tak\u00e9 \u010dlen jej\u00edho veden\u00ed jako vice-prezident jsem se i&nbsp;letos z\u00fa\u010dastnil <strong>v\u00fdro\u010dn\u00ed konference v&nbsp;Hamburku<\/strong>. Byly to dva dny pln\u00e9 inspirace, intenzivn\u00edch diskuz\u00ed a&nbsp;p\u0159\u00e1telsk\u00fdch setk\u00e1n\u00ed s&nbsp;kolegy a&nbsp;l\u00eddry v&nbsp;oboru \u010dist\u00e9 vzduchotechniky a&nbsp;hygieny vnit\u0159n\u00edho prost\u0159ed\u00ed z&nbsp;cel\u00e9 Evropy. Celkem se dvoudenn\u00ed konference \u00fa\u010dastnilo asi 30&nbsp;lid\u00ed z\u00a0celkem 13 evropsk\u00fdch zem\u00ed od Malty a\u017e po&nbsp;Velkou Brit\u00e1nii nebo Finsko.<\/p>\n\n\n\n<h2 class=\"wp-block-heading\">Program, kter\u00fd inspiroval a&nbsp;vzd\u011bl\u00e1val<\/h2>\n\n\n\n<p>Konference p\u0159inesla bohat\u00fd program, kter\u00fd nejen vzd\u011bl\u00e1val, ale tak\u00e9 motivoval. V&nbsp;r\u00e1mci konference prob\u011bhlo tak\u00e9 \u0161kolen\u00ed a&nbsp;certifikace nov\u00fdch technik\u016f. K&nbsp;p\u0159edn\u00e1\u0161k\u00e1m se se\u0161li \u0161pi\u010dkov\u00ed odborn\u00edci s&nbsp;prax\u00ed v\u00edce ne\u017e 25 let v&nbsp;oboru.<\/p>\n\n\n\n<p>N\u011bkolik p\u0159edn\u00e1\u0161ek bylo zam\u011b\u0159eno na t\u00e9ma bezpe\u010dnosti<strong>, <\/strong>nap\u0159\u00edklad protipo\u017e\u00e1rn\u00edch klapek. V\u00fdznam takov\u00fdch t\u00e9mat pro n\u00e1\u0161 obor nelze podcenit, a&nbsp;jsme r\u00e1di, \u017ee EVHA se v\u011bnuje bezpe\u010dnostn\u00edm standard\u016fm s&nbsp;takovou d\u016fslednost\u00ed.<\/p>\n\n\n\n<p>Inspiruj\u00edc\u00ed byla tak\u00e9 p\u0159edn\u00e1\u0161ka, kter\u00e1 vznikla na z\u00e1klad\u011b spolupr\u00e1ce s\u00a0\u010deskou technickou univerzitou <a href=\"http:\/\/www.uceeb.cz\" target=\"_blank\" rel=\"noreferrer noopener\">UCEEB<\/a> p\u0159i&nbsp;\u010cVUT na t\u00e9ma mikroorganismy ve vzduchotechnice a&nbsp;vyvolala velmi \u017eivou diskuzi.<\/p>\n\n\n\n<figure class=\"wp-block-image aligncenter size-large is-resized\"><img loading=\"lazy\" decoding=\"async\" width=\"768\" height=\"1024\" src=\"https:\/\/alkion.eu\/wp-content\/uploads\/2024\/11\/img-6329-768x1024.jpeg\" alt=\"\" class=\"wp-image-4114\" style=\"width:302px;height:auto\" srcset=\"https:\/\/alkion.eu\/wp-content\/uploads\/2024\/11\/img-6329-768x1024.jpeg 768w, https:\/\/alkion.eu\/wp-content\/uploads\/2024\/11\/img-6329-225x300.jpeg 225w, https:\/\/alkion.eu\/wp-content\/uploads\/2024\/11\/img-6329-113x150.jpeg 113w, https:\/\/alkion.eu\/wp-content\/uploads\/2024\/11\/img-6329-1152x1536.jpeg 1152w, https:\/\/alkion.eu\/wp-content\/uploads\/2024\/11\/img-6329-1536x2048.jpeg 1536w, https:\/\/alkion.eu\/wp-content\/uploads\/2024\/11\/img-6329-70x93.jpeg 70w, https:\/\/alkion.eu\/wp-content\/uploads\/2024\/11\/img-6329-190x253.jpeg 190w, https:\/\/alkion.eu\/wp-content\/uploads\/2024\/11\/img-6329-400x533.jpeg 400w, https:\/\/alkion.eu\/wp-content\/uploads\/2024\/11\/img-6329-470x627.jpeg 470w, https:\/\/alkion.eu\/wp-content\/uploads\/2024\/11\/img-6329-550x733.jpeg 550w, https:\/\/alkion.eu\/wp-content\/uploads\/2024\/11\/img-6329-1440x1920.jpeg 1440w, https:\/\/alkion.eu\/wp-content\/uploads\/2024\/11\/img-6329-1700x2267.jpeg 1700w, https:\/\/alkion.eu\/wp-content\/uploads\/2024\/11\/img-6329-scaled.jpeg 1920w\" sizes=\"auto, (max-width: 768px) 100vw, 768px\" \/><\/figure>\n\n\n\n<h2 class=\"wp-block-heading\">Setk\u00e1v\u00e1n\u00ed se a&nbsp;p\u0159\u00e1telsk\u00e9 vazby: Kdy\u017e byznys p\u0159ekra\u010duje hranice<\/h2>\n\n\n\n<p>Vedle odborn\u00fdch diskuz\u00ed jsme si u\u017eili i&nbsp;spole\u010densk\u00e9 aktivity, kter\u00e9 posiluj\u00ed vazby mezi kolegy a&nbsp;p\u0159\u00e1teli z&nbsp;cel\u00e9ho kontinentu.<\/p>\n\n\n\n<p>Jako viceprezident EVHA si v\u00e1\u017e\u00edm mo\u017enosti posouvat n\u00e1\u0161 obor kup\u0159edu a&nbsp;p\u0159\u00edle\u017eitosti propojovat lidi, kte\u0159\u00ed sd\u00edlej\u00ed nad\u0161en\u00ed pro \u010distotu vzduchotechniky. Networking pat\u0159\u00ed bezpochyby mezi nejv\u011bt\u0161\u00ed p\u0159\u00ednosy cel\u00e9 organizace.<\/p>\n\n\n\n<h2 class=\"wp-block-heading\">Posouv\u00e1me hranice: Legislativa, standardy a&nbsp;budoucnost oboru<\/h2>\n\n\n\n<p>Z konferen\u010dn\u00edho programu vynikala i&nbsp;diskuze o&nbsp;standardech a&nbsp;legislativ\u011b, kde jsme m\u011bli p\u0159\u00edle\u017eitost zamyslet se nad dlouhodobou viz\u00ed a&nbsp;udr\u017eiteln\u00fdm rozvojem. EVHA toti\u017e hraje tak\u00e9 roli p\u0159i&nbsp;tvorb\u011b budouc\u00ed evropsk\u00e9 legislativy, jako je nap\u0159\u00edklad konkr\u00e9tn\u011b norma EN 15&nbsp;780, kter\u00e1 je implementov\u00e1na i&nbsp;do \u010desk\u00e9ho syst\u00e9mu. Prezentace podn\u00edtily \u017eivou diskuzi o&nbsp;inovac\u00edch a&nbsp;v\u00fdzv\u00e1ch, kter\u00fdm n\u00e1\u0161 obor \u010del\u00ed, a&nbsp;jsme r\u00e1di, \u017ee EVHA p\u0159in\u00e1\u0161\u00ed prostor, kde lze sd\u00edlet praktick\u00e9 zku\u0161enosti i&nbsp;nov\u00e9 perspektivy.<\/p>\n\n\n\n<figure class=\"wp-block-image aligncenter size-large is-resized\"><img loading=\"lazy\" decoding=\"async\" width=\"1024\" height=\"768\" src=\"https:\/\/alkion.eu\/wp-content\/uploads\/2024\/11\/img-6280-1024x768.jpeg\" alt=\"\" class=\"wp-image-4120\" style=\"width:520px;height:auto\" srcset=\"https:\/\/alkion.eu\/wp-content\/uploads\/2024\/11\/img-6280-1024x768.jpeg 1024w, https:\/\/alkion.eu\/wp-content\/uploads\/2024\/11\/img-6280-300x225.jpeg 300w, https:\/\/alkion.eu\/wp-content\/uploads\/2024\/11\/img-6280-150x113.jpeg 150w, https:\/\/alkion.eu\/wp-content\/uploads\/2024\/11\/img-6280-768x576.jpeg 768w, https:\/\/alkion.eu\/wp-content\/uploads\/2024\/11\/img-6280-1536x1152.jpeg 1536w, https:\/\/alkion.eu\/wp-content\/uploads\/2024\/11\/img-6280-70x53.jpeg 70w, https:\/\/alkion.eu\/wp-content\/uploads\/2024\/11\/img-6280-190x143.jpeg 190w, https:\/\/alkion.eu\/wp-content\/uploads\/2024\/11\/img-6280-400x300.jpeg 400w, https:\/\/alkion.eu\/wp-content\/uploads\/2024\/11\/img-6280-470x353.jpeg 470w, https:\/\/alkion.eu\/wp-content\/uploads\/2024\/11\/img-6280-550x413.jpeg 550w, https:\/\/alkion.eu\/wp-content\/uploads\/2024\/11\/img-6280-1440x1080.jpeg 1440w, https:\/\/alkion.eu\/wp-content\/uploads\/2024\/11\/img-6280-1700x1275.jpeg 1700w, https:\/\/alkion.eu\/wp-content\/uploads\/2024\/11\/img-6280.jpeg 2000w\" sizes=\"auto, (max-width: 1024px) 100vw, 1024px\" \/><\/figure>\n\n\n\n<h2 class=\"wp-block-heading\">Nezapomenuteln\u00fd z\u00e1v\u011br v&nbsp;Hamburku<\/h2>\n\n\n\n<p>Na z\u00e1v\u011br konference jsme si u\u017eili pohled na Hamburk z&nbsp;jin\u00e9 perspektivy b\u011bhem spole\u010dn\u00e9ho ve\u010dera, kter\u00fd prob\u011bhl na palub\u011b vyhl\u00eddkov\u00e9 lodi. Hamburk m\u00e1 nejv\u011bt\u0161\u00ed kontejnerov\u00fd p\u0159\u00edstav v&nbsp;Evrop\u011b a&nbsp;m\u011bli jsme tak p\u0159\u00edle\u017eitost si zbl\u00edzka prohl\u00e9dnout ty nejv\u011bt\u0161\u00ed kontejnerov\u00e9 lod\u011b, kter\u00e9 do Evropy p\u0159iplouvaj\u00ed. Pohled na tis\u00edce kontejner\u016f je opravdu impozantn\u00ed.<\/p>\n\n\n\n<figure class=\"wp-block-image aligncenter size-large is-resized\"><img loading=\"lazy\" decoding=\"async\" width=\"1024\" height=\"577\" src=\"https:\/\/alkion.eu\/wp-content\/uploads\/2024\/11\/2024-10-17-202842-1024x577.jpg\" alt=\"\" class=\"wp-image-4123\" style=\"width:626px;height:auto\" srcset=\"https:\/\/alkion.eu\/wp-content\/uploads\/2024\/11\/2024-10-17-202842-1024x577.jpg 1024w, https:\/\/alkion.eu\/wp-content\/uploads\/2024\/11\/2024-10-17-202842-300x169.jpg 300w, https:\/\/alkion.eu\/wp-content\/uploads\/2024\/11\/2024-10-17-202842-150x84.jpg 150w, https:\/\/alkion.eu\/wp-content\/uploads\/2024\/11\/2024-10-17-202842-768x432.jpg 768w, https:\/\/alkion.eu\/wp-content\/uploads\/2024\/11\/2024-10-17-202842-1536x865.jpg 1536w, https:\/\/alkion.eu\/wp-content\/uploads\/2024\/11\/2024-10-17-202842-70x39.jpg 70w, https:\/\/alkion.eu\/wp-content\/uploads\/2024\/11\/2024-10-17-202842-190x107.jpg 190w, https:\/\/alkion.eu\/wp-content\/uploads\/2024\/11\/2024-10-17-202842-400x225.jpg 400w, https:\/\/alkion.eu\/wp-content\/uploads\/2024\/11\/2024-10-17-202842-470x265.jpg 470w, https:\/\/alkion.eu\/wp-content\/uploads\/2024\/11\/2024-10-17-202842-550x310.jpg 550w, https:\/\/alkion.eu\/wp-content\/uploads\/2024\/11\/2024-10-17-202842-1440x811.jpg 1440w, https:\/\/alkion.eu\/wp-content\/uploads\/2024\/11\/2024-10-17-202842-1700x957.jpg 1700w, https:\/\/alkion.eu\/wp-content\/uploads\/2024\/11\/2024-10-17-202842.jpg 2000w\" sizes=\"auto, (max-width: 1024px) 100vw, 1024px\" \/><\/figure>\n\n\n\n<h2 class=\"wp-block-heading\">D\u011bkujeme EVHA za d\u016fv\u011bru a&nbsp;skv\u011blou organizaci<\/h2>\n\n\n\n<p>Prost\u0159ednictv\u00edm na\u0161\u00ed \u010desk\u00e9 spole\u010dnosti Alkion a&nbsp;role viceprezidenta v&nbsp;EVHA se budeme i&nbsp;nad\u00e1le pod\u00edlet na dal\u0161\u00edm sm\u011b\u0159ov\u00e1n\u00ed asociace a&nbsp;pokra\u010dovat v&nbsp;napl\u0148ov\u00e1n\u00ed na\u0161ich c\u00edl\u016f \u2013 od zvy\u0161ov\u00e1n\u00ed odbornosti, bezpe\u010dnostn\u00edch standard\u016f a\u017e po&nbsp;posilov\u00e1n\u00ed spolupr\u00e1ce mezi \u010dlensk\u00fdmi firmami.<\/p>\n\n\n\n<p><strong>D\u00edky EVHA a&nbsp;v\u0161em koleg\u016fm za skv\u011bl\u00e9 setk\u00e1n\u00ed v&nbsp;Hamburku!<\/strong><\/p>\n\n\n\n<p><\/p>\n","protected":false},"excerpt":{"rendered":"<p>Spojen\u00ed odborn\u00edk\u016f z&nbsp;oboru\u00a0na jednom m\u00edst\u011b Jako dlouholet\u00fd \u010dlen European Ventilation Hygiene Association (EVHA) a&nbsp;s&nbsp;hrdost\u00ed tak\u00e9 \u010dlen jej\u00edho veden\u00ed jako vice-prezident jsem se i&nbsp;letos z\u00fa\u010dastnil v\u00fdro\u010dn\u00ed konference v&nbsp;Hamburku. Byly to dva dny pln\u00e9 inspirace, intenzivn\u00edch diskuz\u00ed a&nbsp;p\u0159\u00e1telsk\u00fdch setk\u00e1n\u00ed s&nbsp;kolegy a&nbsp;l\u00eddry v&nbsp;oboru \u010dist\u00e9 vzduchotechniky a&nbsp;hygieny vnit\u0159n\u00edho prost\u0159ed\u00ed z&nbsp;cel\u00e9 Evropy. Celkem se dvoudenn\u00ed konference \u00fa\u010dastnilo asi 30&nbsp;lid\u00ed z\u00a0celkem [&hellip;]<\/p>\n","protected":false},"author":3,"featured_media":4117,"comment_status":"closed","ping_status":"closed","sticky":false,"template":"","format":"standard","meta":{"_acf_changed":false,"footnotes":""},"categories":[15],"tags":[],"class_list":["post-4113","post","type-post","status-publish","format-standard","has-post-thumbnail","hentry","category-aktuality"],"acf":[],"yoast_head":"<!-- This site is optimized with the Yoast SEO plugin v27.5 - https:\/\/yoast.com\/product\/yoast-seo-wordpress\/ -->\n<title>Alkion m\u00e1 op\u011bt viceprezidenta v\u00a0Evrop\u011b \u2013 konference EVHA v\u00a0Hamburku - Alkion<\/title>\n<meta name=\"description\" content=\"Alkion m\u00e1 nov\u00e9ho viceprezidenta v Evrop\u011b! P\u0159e\u010dt\u011bte si o v\u00fdznamn\u00fdch novink\u00e1ch z konference EVHA v Hamburku a jejich dopadu na obor vzduchotechniky.\" \/>\n<meta name=\"robots\" content=\"index, follow, max-snippet:-1, max-image-preview:large, max-video-preview:-1\" \/>\n<link rel=\"canonical\" href=\"https:\/\/alkion.eu\/cs\/alkion-ma-opet-viceprezidenta-v-evrope-konference-evha-v-hamburku\/\" \/>\n<meta property=\"og:locale\" content=\"cs_CZ\" \/>\n<meta property=\"og:type\" content=\"article\" \/>\n<meta property=\"og:title\" content=\"Alkion m\u00e1 op\u011bt viceprezidenta v\u00a0Evrop\u011b \u2013 konference EVHA v\u00a0Hamburku - Alkion\" \/>\n<meta property=\"og:description\" content=\"Alkion m\u00e1 nov\u00e9ho viceprezidenta v Evrop\u011b! P\u0159e\u010dt\u011bte si o v\u00fdznamn\u00fdch novink\u00e1ch z konference EVHA v Hamburku a jejich dopadu na obor vzduchotechniky.\" \/>\n<meta property=\"og:url\" content=\"https:\/\/alkion.eu\/cs\/alkion-ma-opet-viceprezidenta-v-evrope-konference-evha-v-hamburku\/\" \/>\n<meta property=\"og:site_name\" content=\"Alkion\" \/>\n<meta property=\"article:publisher\" content=\"https:\/\/www.facebook.com\/Alkionservice\/\" \/>\n<meta property=\"article:published_time\" content=\"2024-10-30T09:12:41+00:00\" \/>\n<meta property=\"article:modified_time\" content=\"2024-12-19T22:07:39+00:00\" \/>\n<meta property=\"og:image\" content=\"https:\/\/alkion.eu\/wp-content\/uploads\/2024\/11\/img-6369.jpeg\" \/>\n\t<meta property=\"og:image:width\" content=\"2000\" \/>\n\t<meta property=\"og:image:height\" content=\"1500\" \/>\n\t<meta property=\"og:image:type\" content=\"image\/jpeg\" \/>\n<meta name=\"twitter:card\" content=\"summary_large_image\" \/>\n<meta name=\"twitter:label1\" content=\"Napsal(a)\" \/>\n\t<meta name=\"twitter:data1\" content=\"dalimil.petrilak@alkion.eu\" \/>\n\t<meta name=\"twitter:label2\" content=\"Odhadovan\u00e1 doba \u010dten\u00ed\" \/>\n\t<meta name=\"twitter:data2\" content=\"3 minuty\" \/>\n<script type=\"application\/ld+json\" class=\"yoast-schema-graph\">{\"@context\":\"https:\\\/\\\/schema.org\",\"@graph\":[{\"@type\":\"Article\",\"@id\":\"https:\\\/\\\/alkion.eu\\\/cs\\\/alkion-ma-opet-viceprezidenta-v-evrope-konference-evha-v-hamburku\\\/#article\",\"isPartOf\":{\"@id\":\"https:\\\/\\\/alkion.eu\\\/cs\\\/alkion-ma-opet-viceprezidenta-v-evrope-konference-evha-v-hamburku\\\/\"},\"headline\":\"Alkion m\u00e1 op\u011bt viceprezidenta v\u00a0Evrop\u011b \u2013 konference EVHA v\u00a0Hamburku\",\"datePublished\":\"2024-10-30T09:12:41+00:00\",\"dateModified\":\"2024-12-19T22:07:39+00:00\",\"mainEntityOfPage\":{\"@id\":\"https:\\\/\\\/alkion.eu\\\/cs\\\/alkion-ma-opet-viceprezidenta-v-evrope-konference-evha-v-hamburku\\\/\"},\"wordCount\":582,\"publisher\":{\"@id\":\"https:\\\/\\\/alkion.eu\\\/cs\\\/#organization\"},\"image\":{\"@id\":\"https:\\\/\\\/alkion.eu\\\/cs\\\/alkion-ma-opet-viceprezidenta-v-evrope-konference-evha-v-hamburku\\\/#primaryimage\"},\"thumbnailUrl\":\"https:\\\/\\\/alkion.eu\\\/wp-content\\\/uploads\\\/2024\\\/11\\\/img-6369.jpeg\",\"articleSection\":[\"Aktuality\"],\"inLanguage\":\"cs\"},{\"@type\":\"WebPage\",\"@id\":\"https:\\\/\\\/alkion.eu\\\/cs\\\/alkion-ma-opet-viceprezidenta-v-evrope-konference-evha-v-hamburku\\\/\",\"url\":\"https:\\\/\\\/alkion.eu\\\/cs\\\/alkion-ma-opet-viceprezidenta-v-evrope-konference-evha-v-hamburku\\\/\",\"name\":\"Alkion m\u00e1 op\u011bt viceprezidenta v\u00a0Evrop\u011b \u2013 konference EVHA v\u00a0Hamburku - Alkion\",\"isPartOf\":{\"@id\":\"https:\\\/\\\/alkion.eu\\\/cs\\\/#website\"},\"primaryImageOfPage\":{\"@id\":\"https:\\\/\\\/alkion.eu\\\/cs\\\/alkion-ma-opet-viceprezidenta-v-evrope-konference-evha-v-hamburku\\\/#primaryimage\"},\"image\":{\"@id\":\"https:\\\/\\\/alkion.eu\\\/cs\\\/alkion-ma-opet-viceprezidenta-v-evrope-konference-evha-v-hamburku\\\/#primaryimage\"},\"thumbnailUrl\":\"https:\\\/\\\/alkion.eu\\\/wp-content\\\/uploads\\\/2024\\\/11\\\/img-6369.jpeg\",\"datePublished\":\"2024-10-30T09:12:41+00:00\",\"dateModified\":\"2024-12-19T22:07:39+00:00\",\"description\":\"Alkion m\u00e1 nov\u00e9ho viceprezidenta v Evrop\u011b! P\u0159e\u010dt\u011bte si o v\u00fdznamn\u00fdch novink\u00e1ch z konference EVHA v Hamburku a jejich dopadu na obor vzduchotechniky.\",\"breadcrumb\":{\"@id\":\"https:\\\/\\\/alkion.eu\\\/cs\\\/alkion-ma-opet-viceprezidenta-v-evrope-konference-evha-v-hamburku\\\/#breadcrumb\"},\"inLanguage\":\"cs\",\"potentialAction\":[{\"@type\":\"ReadAction\",\"target\":[\"https:\\\/\\\/alkion.eu\\\/cs\\\/alkion-ma-opet-viceprezidenta-v-evrope-konference-evha-v-hamburku\\\/\"]}]},{\"@type\":\"ImageObject\",\"inLanguage\":\"cs\",\"@id\":\"https:\\\/\\\/alkion.eu\\\/cs\\\/alkion-ma-opet-viceprezidenta-v-evrope-konference-evha-v-hamburku\\\/#primaryimage\",\"url\":\"https:\\\/\\\/alkion.eu\\\/wp-content\\\/uploads\\\/2024\\\/11\\\/img-6369.jpeg\",\"contentUrl\":\"https:\\\/\\\/alkion.eu\\\/wp-content\\\/uploads\\\/2024\\\/11\\\/img-6369.jpeg\",\"width\":2000,\"height\":1500},{\"@type\":\"BreadcrumbList\",\"@id\":\"https:\\\/\\\/alkion.eu\\\/cs\\\/alkion-ma-opet-viceprezidenta-v-evrope-konference-evha-v-hamburku\\\/#breadcrumb\",\"itemListElement\":[{\"@type\":\"ListItem\",\"position\":1,\"name\":\"Dom\u016f\",\"item\":\"https:\\\/\\\/alkion.eu\\\/cs\\\/\"},{\"@type\":\"ListItem\",\"position\":2,\"name\":\"Alkion m\u00e1 op\u011bt viceprezidenta v\u00a0Evrop\u011b \u2013 konference EVHA v\u00a0Hamburku\"}]},{\"@type\":\"WebSite\",\"@id\":\"https:\\\/\\\/alkion.eu\\\/cs\\\/#website\",\"url\":\"https:\\\/\\\/alkion.eu\\\/cs\\\/\",\"name\":\"Alkion\",\"description\":\"\u010cist\u00edme odv\u011btr\u00e1vac\u00ed potrub\u00ed\",\"publisher\":{\"@id\":\"https:\\\/\\\/alkion.eu\\\/cs\\\/#organization\"},\"potentialAction\":[{\"@type\":\"SearchAction\",\"target\":{\"@type\":\"EntryPoint\",\"urlTemplate\":\"https:\\\/\\\/alkion.eu\\\/cs\\\/?s={search_term_string}\"},\"query-input\":{\"@type\":\"PropertyValueSpecification\",\"valueRequired\":true,\"valueName\":\"search_term_string\"}}],\"inLanguage\":\"cs\"},{\"@type\":\"Organization\",\"@id\":\"https:\\\/\\\/alkion.eu\\\/cs\\\/#organization\",\"name\":\"Alkion\",\"url\":\"https:\\\/\\\/alkion.eu\\\/cs\\\/\",\"logo\":{\"@type\":\"ImageObject\",\"inLanguage\":\"cs\",\"@id\":\"https:\\\/\\\/alkion.eu\\\/cs\\\/#\\\/schema\\\/logo\\\/image\\\/\",\"url\":\"https:\\\/\\\/alkion.eu\\\/wp-content\\\/uploads\\\/2021\\\/06\\\/alkion-logo2x.png\",\"contentUrl\":\"https:\\\/\\\/alkion.eu\\\/wp-content\\\/uploads\\\/2021\\\/06\\\/alkion-logo2x.png\",\"width\":1854,\"height\":869,\"caption\":\"Alkion\"},\"image\":{\"@id\":\"https:\\\/\\\/alkion.eu\\\/cs\\\/#\\\/schema\\\/logo\\\/image\\\/\"},\"sameAs\":[\"https:\\\/\\\/www.facebook.com\\\/Alkionservice\\\/\"]}]}<\/script>\n<!-- \/ Yoast SEO plugin. -->","yoast_head_json":{"title":"Alkion m\u00e1 op\u011bt viceprezidenta v\u00a0Evrop\u011b \u2013 konference EVHA v\u00a0Hamburku - Alkion","description":"Alkion m\u00e1 nov\u00e9ho viceprezidenta v Evrop\u011b! P\u0159e\u010dt\u011bte si o v\u00fdznamn\u00fdch novink\u00e1ch z konference EVHA v Hamburku a jejich dopadu na obor vzduchotechniky.","robots":{"index":"index","follow":"follow","max-snippet":"max-snippet:-1","max-image-preview":"max-image-preview:large","max-video-preview":"max-video-preview:-1"},"canonical":"https:\/\/alkion.eu\/cs\/alkion-ma-opet-viceprezidenta-v-evrope-konference-evha-v-hamburku\/","og_locale":"cs_CZ","og_type":"article","og_title":"Alkion m\u00e1 op\u011bt viceprezidenta v\u00a0Evrop\u011b \u2013 konference EVHA v\u00a0Hamburku - Alkion","og_description":"Alkion m\u00e1 nov\u00e9ho viceprezidenta v Evrop\u011b! P\u0159e\u010dt\u011bte si o v\u00fdznamn\u00fdch novink\u00e1ch z konference EVHA v Hamburku a jejich dopadu na obor vzduchotechniky.","og_url":"https:\/\/alkion.eu\/cs\/alkion-ma-opet-viceprezidenta-v-evrope-konference-evha-v-hamburku\/","og_site_name":"Alkion","article_publisher":"https:\/\/www.facebook.com\/Alkionservice\/","article_published_time":"2024-10-30T09:12:41+00:00","article_modified_time":"2024-12-19T22:07:39+00:00","og_image":[{"width":2000,"height":1500,"url":"https:\/\/alkion.eu\/wp-content\/uploads\/2024\/11\/img-6369.jpeg","type":"image\/jpeg"}],"twitter_card":"summary_large_image","twitter_misc":{"Napsal(a)":"dalimil.petrilak@alkion.eu","Odhadovan\u00e1 doba \u010dten\u00ed":"3 minuty"},"schema":{"@context":"https:\/\/schema.org","@graph":[{"@type":"Article","@id":"https:\/\/alkion.eu\/cs\/alkion-ma-opet-viceprezidenta-v-evrope-konference-evha-v-hamburku\/#article","isPartOf":{"@id":"https:\/\/alkion.eu\/cs\/alkion-ma-opet-viceprezidenta-v-evrope-konference-evha-v-hamburku\/"},"headline":"Alkion m\u00e1 op\u011bt viceprezidenta v\u00a0Evrop\u011b \u2013 konference EVHA v\u00a0Hamburku","datePublished":"2024-10-30T09:12:41+00:00","dateModified":"2024-12-19T22:07:39+00:00","mainEntityOfPage":{"@id":"https:\/\/alkion.eu\/cs\/alkion-ma-opet-viceprezidenta-v-evrope-konference-evha-v-hamburku\/"},"wordCount":582,"publisher":{"@id":"https:\/\/alkion.eu\/cs\/#organization"},"image":{"@id":"https:\/\/alkion.eu\/cs\/alkion-ma-opet-viceprezidenta-v-evrope-konference-evha-v-hamburku\/#primaryimage"},"thumbnailUrl":"https:\/\/alkion.eu\/wp-content\/uploads\/2024\/11\/img-6369.jpeg","articleSection":["Aktuality"],"inLanguage":"cs"},{"@type":"WebPage","@id":"https:\/\/alkion.eu\/cs\/alkion-ma-opet-viceprezidenta-v-evrope-konference-evha-v-hamburku\/","url":"https:\/\/alkion.eu\/cs\/alkion-ma-opet-viceprezidenta-v-evrope-konference-evha-v-hamburku\/","name":"Alkion m\u00e1 op\u011bt viceprezidenta v\u00a0Evrop\u011b \u2013 konference EVHA v\u00a0Hamburku - Alkion","isPartOf":{"@id":"https:\/\/alkion.eu\/cs\/#website"},"primaryImageOfPage":{"@id":"https:\/\/alkion.eu\/cs\/alkion-ma-opet-viceprezidenta-v-evrope-konference-evha-v-hamburku\/#primaryimage"},"image":{"@id":"https:\/\/alkion.eu\/cs\/alkion-ma-opet-viceprezidenta-v-evrope-konference-evha-v-hamburku\/#primaryimage"},"thumbnailUrl":"https:\/\/alkion.eu\/wp-content\/uploads\/2024\/11\/img-6369.jpeg","datePublished":"2024-10-30T09:12:41+00:00","dateModified":"2024-12-19T22:07:39+00:00","description":"Alkion m\u00e1 nov\u00e9ho viceprezidenta v Evrop\u011b! P\u0159e\u010dt\u011bte si o v\u00fdznamn\u00fdch novink\u00e1ch z konference EVHA v Hamburku a jejich dopadu na obor vzduchotechniky.","breadcrumb":{"@id":"https:\/\/alkion.eu\/cs\/alkion-ma-opet-viceprezidenta-v-evrope-konference-evha-v-hamburku\/#breadcrumb"},"inLanguage":"cs","potentialAction":[{"@type":"ReadAction","target":["https:\/\/alkion.eu\/cs\/alkion-ma-opet-viceprezidenta-v-evrope-konference-evha-v-hamburku\/"]}]},{"@type":"ImageObject","inLanguage":"cs","@id":"https:\/\/alkion.eu\/cs\/alkion-ma-opet-viceprezidenta-v-evrope-konference-evha-v-hamburku\/#primaryimage","url":"https:\/\/alkion.eu\/wp-content\/uploads\/2024\/11\/img-6369.jpeg","contentUrl":"https:\/\/alkion.eu\/wp-content\/uploads\/2024\/11\/img-6369.jpeg","width":2000,"height":1500},{"@type":"BreadcrumbList","@id":"https:\/\/alkion.eu\/cs\/alkion-ma-opet-viceprezidenta-v-evrope-konference-evha-v-hamburku\/#breadcrumb","itemListElement":[{"@type":"ListItem","position":1,"name":"Dom\u016f","item":"https:\/\/alkion.eu\/cs\/"},{"@type":"ListItem","position":2,"name":"Alkion m\u00e1 op\u011bt viceprezidenta v\u00a0Evrop\u011b \u2013 konference EVHA v\u00a0Hamburku"}]},{"@type":"WebSite","@id":"https:\/\/alkion.eu\/cs\/#website","url":"https:\/\/alkion.eu\/cs\/","name":"Alkion","description":"\u010cist\u00edme odv\u011btr\u00e1vac\u00ed potrub\u00ed","publisher":{"@id":"https:\/\/alkion.eu\/cs\/#organization"},"potentialAction":[{"@type":"SearchAction","target":{"@type":"EntryPoint","urlTemplate":"https:\/\/alkion.eu\/cs\/?s={search_term_string}"},"query-input":{"@type":"PropertyValueSpecification","valueRequired":true,"valueName":"search_term_string"}}],"inLanguage":"cs"},{"@type":"Organization","@id":"https:\/\/alkion.eu\/cs\/#organization","name":"Alkion","url":"https:\/\/alkion.eu\/cs\/","logo":{"@type":"ImageObject","inLanguage":"cs","@id":"https:\/\/alkion.eu\/cs\/#\/schema\/logo\/image\/","url":"https:\/\/alkion.eu\/wp-content\/uploads\/2021\/06\/alkion-logo2x.png","contentUrl":"https:\/\/alkion.eu\/wp-content\/uploads\/2021\/06\/alkion-logo2x.png","width":1854,"height":869,"caption":"Alkion"},"image":{"@id":"https:\/\/alkion.eu\/cs\/#\/schema\/logo\/image\/"},"sameAs":["https:\/\/www.facebook.com\/Alkionservice\/"]}]}},"_links":{"self":[{"href":"https:\/\/alkion.eu\/cs\/wp-json\/wp\/v2\/posts\/4113","targetHints":{"allow":["GET"]}}],"collection":[{"href":"https:\/\/alkion.eu\/cs\/wp-json\/wp\/v2\/posts"}],"about":[{"href":"https:\/\/alkion.eu\/cs\/wp-json\/wp\/v2\/types\/post"}],"author":[{"embeddable":true,"href":"https:\/\/alkion.eu\/cs\/wp-json\/wp\/v2\/users\/3"}],"replies":[{"embeddable":true,"href":"https:\/\/alkion.eu\/cs\/wp-json\/wp\/v2\/comments?post=4113"}],"version-history":[{"count":2,"href":"https:\/\/alkion.eu\/cs\/wp-json\/wp\/v2\/posts\/4113\/revisions"}],"predecessor-version":[{"id":4128,"href":"https:\/\/alkion.eu\/cs\/wp-json\/wp\/v2\/posts\/4113\/revisions\/4128"}],"wp:featuredmedia":[{"embeddable":true,"href":"https:\/\/alkion.eu\/cs\/wp-json\/wp\/v2\/media\/4117"}],"wp:attachment":[{"href":"https:\/\/alkion.eu\/cs\/wp-json\/wp\/v2\/media?parent=4113"}],"wp:term":[{"taxonomy":"category","embeddable":true,"href":"https:\/\/alkion.eu\/cs\/wp-json\/wp\/v2\/categories?post=4113"},{"taxonomy":"post_tag","embeddable":true,"href":"https:\/\/alkion.eu\/cs\/wp-json\/wp\/v2\/tags?post=4113"}],"curies":[{"name":"wp","href":"https:\/\/api.w.org\/{rel}","templated":true}]}}